{"id":1037,"date":"2026-09-03T11:56:05","date_gmt":"2026-09-03T11:56:05","guid":{"rendered":"https:\/\/fundacionprogresoycultura.org\/?p=1037"},"modified":"2026-09-03T11:56:05","modified_gmt":"2026-09-03T11:56:05","slug":"taller-de-teatro-fundacion-progreso-y-cultura-curso-2026-27","status":"publish","type":"post","link":"https:\/\/fundacionprogresoycultura.org\/?p=1037","title":{"rendered":"Taller de Teatro Fundaci\u00f3n Progreso y Cultura (curso 2026-27)"},"content":{"rendered":"<p>\ud83c\udfad <strong>\u00a1El teatro te est\u00e1 llamando!<\/strong> \ud83c\udfad<br \/>\nLa Fundaci\u00f3n Progreso y Cultura vuelve un curso m\u00e1s con su <strong>Taller de Teatro<\/strong>, dirigido por <strong>Jaime Cano<\/strong>, un profesor y director esc\u00e9nico con amplia trayectoria.<\/p>\n<p>\u00bfSiempre has tenido el gusanillo de actuar, expresarte y descubrir tus posibilidades sobre el escenario? \u00a1Este es tu momento!<\/p>\n<p><strong>Cu\u00e1ndo: <\/strong><\/p>\n<p>\ud83d\uddd3\ufe0f\u00a0de octubre a junio<br \/>\n\ud83d\udd66 D\u00edas: todos los martes, de 18:00 a 20:00h.<br \/>\n\ud83d\udccc D\u00f3nde: Casa del Pueblo UGT (Avenida de Am\u00e9rica, 25)<br \/>\n\ud83d\udcb0 Precio:<br \/>\n30\u20ac afiliados\/as a UGT<\/p>\n<p>20\u20ac afiliados a RUGE UGT<br \/>\n40\u20ac no afiliados\/as<br \/>\nMatr\u00edcula gratis.<\/p>\n<p><strong>\u00bfPor qu\u00e9 apuntarte?<\/strong><br \/>\n\u2022 Sesiones semanales llenas de energ\u00eda, diversi\u00f3n y crecimiento personal.<br \/>\n\u2022 Conocer\u00e1s y practicar\u00e1s t\u00e9cnicas interpretativas diversas: improvisaci\u00f3n, trabajo de textos, expresi\u00f3n corporal, juego dram\u00e1tico\u2026<br \/>\n\u2022 Clases din\u00e1micas pensadas para trabajar en grupo.<br \/>\n\u2022 Herramientas expresivas para trabajar la voz, la palabra, el discurso y los textos.<br \/>\n\u2022 Aproximaci\u00f3n a la interpretaci\u00f3n buscando el disfrute y la diversi\u00f3n que surgen de llevar un trabajo riguroso y estimulante que te har\u00e1 crecer y descubrir de lo que eres capaz, del placer de trabajar en grupo y de conocer el teatro m\u00e1s a fondo.<\/p>\n<hr \/>\n<p><strong>\u00bfA qui\u00e9n est\u00e1 dirigido?<\/strong><br \/>\nA todas las personas interesadas en desenvolverse esc\u00e9nicamente, ya sea por curiosidad, pasi\u00f3n o ganas de superarse. Sin requisitos previos: solo necesitas ganas de interpretar, expresarte y disfrutar.<\/p>\n<p><strong>Sesi\u00f3n de prueba abierta y gratuita\u2026<\/strong><br \/>\npara todas aquellas personas que quieran probar y conocer el taller. (martes, 29 septiembre 2026)<\/p>\n<p><strong>\u00bfC\u00f3mo inscribirte?<\/strong><br \/>\n1. Rellena el formulario que encontrar\u00e1s en el\u00a0siguiente enlace: <a href=\"https:\/\/forms.gle\/4nhmdHLyr1Endtxy7\">https:\/\/forms.gle\/Moc1rPSc8Dc4rRWk6<\/a><br \/>\n2. Puedes apuntarte para asistir a la primera sesi\u00f3n de prueba libre y gratuita. (martes, 29 septiembre 2026)<br \/>\n3. Y si te gusta la experiencia \u00a1podr\u00e1s confirmar tu plaza en el taller!<\/p>\n<hr \/>\n<p>Si quieres divertirte y ver de lo que eres capaz sobre un escenario, no te lo pienses y ponle TEATRO a tus tardes.<\/p>\n","protected":false},"excerpt":{"rendered":"<p>\ud83c\udfad \u00a1El teatro te est\u00e1 llamando! \ud83c\udfad La Fundaci\u00f3n Progreso y Cultura vuelve un curso&#8230;<\/p>\n","protected":false},"author":3,"featured_media":1036,"comment_status":"open","ping_status":"open","sticky":false,"template":"","format":"standard","meta":{"om_disable_all_campaigns":false,"_monsterinsights_skip_tracking":false,"_jetpack_memberships_contains_paid_content":false,"footnotes":"","jetpack_publicize_message":"","jetpack_publicize_feature_enabled":true,"jetpack_social_post_already_shared":true,"jetpack_social_options":{"image_generator_settings":{"template":"highway","default_image_id":0,"font":"","enabled":false},"version":2}},"categories":[3,39],"tags":[15,196,195,198,197,44,199,80,78],"class_list":["post-1037","post","type-post","status-publish","format-standard","has-post-thumbnail","hentry","category-actualidad","category-teatro","tag-teatro","tag-artes-dramaticas","tag-artes-escenicas","tag-curso","tag-escenario","tag-fundacion-progreso-y-cultura","tag-interpretacion","tag-jaime-cano","tag-taller-de-teatro"],"aioseo_notices":[],"aioseo_head":"\n\t\t<!-- All in One SEO 5.0.1.1 - aioseo.com -->\n\t<meta name=\"description\" content=\"\ud83c\udfad \u00a1El teatro te est\u00e1 llamando! \ud83c\udfad La Fundaci\u00f3n Progreso y Cultura vuelve un curso m\u00e1s con su Taller de Teatro, dirigido por Jaime Cano, un profesor y director esc\u00e9nico con amplia trayectoria. \u00bfSiempre has tenido el gusanillo de actuar, expresarte y descubrir tus posibilidades sobre el escenario? \u00a1Este es tu momento! Cu\u00e1ndo: \ud83d\uddd3\ufe0f de octubre Taller de Teatro Fundaci\u00f3n Progreso y Cultura (curso 2026-27)\" \/>\n\t<meta name=\"robots\" content=\"max-image-preview:large\" \/>\n\t<meta name=\"author\" content=\"Belen Sandia\"\/>\n\t<link rel=\"canonical\" href=\"https:\/\/fundacionprogresoycultura.org\/?p=1037\" \/>\n\t<meta name=\"generator\" content=\"All in One SEO (AIOSEO) 5.0.1.1\" \/>\n\t\t<meta property=\"og:locale\" content=\"es_ES\" \/>\n\t\t<meta property=\"og:site_name\" content=\"Fundaci\u00f3n Progreso y Cultura \u2022 Somos una fundaci\u00f3n sin \u00e1nimo de lucro que promueve la cultura y el an\u00e1lisis progresista.\" \/>\n\t\t<meta property=\"og:type\" content=\"article\" \/>\n\t\t<meta property=\"og:title\" content=\"Taller de Teatro Fundaci\u00f3n Progreso y Cultura (curso 2026-27) \u2022 Fundaci\u00f3n Progreso y Cultura Taller de Teatro Fundaci\u00f3n Progreso y Cultura (curso 2026-27)\" \/>\n\t\t<meta property=\"og:description\" content=\"\ud83c\udfad \u00a1El teatro te est\u00e1 llamando! \ud83c\udfad La Fundaci\u00f3n Progreso y Cultura vuelve un curso m\u00e1s con su Taller de Teatro, dirigido por Jaime Cano, un profesor y director esc\u00e9nico con amplia trayectoria. \u00bfSiempre has tenido el gusanillo de actuar, expresarte y descubrir tus posibilidades sobre el escenario? \u00a1Este es tu momento! Cu\u00e1ndo: \ud83d\uddd3\ufe0f de octubre Taller de Teatro Fundaci\u00f3n Progreso y Cultura (curso 2026-27)\" \/>\n\t\t<meta property=\"og:url\" content=\"https:\/\/fundacionprogresoycultura.org\/?p=1037\" \/>\n\t\t<meta property=\"og:image\" content=\"https:\/\/fundacionprogresoycultura.org\/wp-content\/uploads\/2026\/09\/Taller-de-Teatro-26-27-II.-Web-1200-x-720-px.jpg\" \/>\n\t\t<meta property=\"og:image:secure_url\" content=\"https:\/\/fundacionprogresoycultura.org\/wp-content\/uploads\/2026\/09\/Taller-de-Teatro-26-27-II.-Web-1200-x-720-px.jpg\" \/>\n\t\t<meta property=\"og:image:width\" content=\"1200\" \/>\n\t\t<meta property=\"og:image:height\" content=\"720\" \/>\n\t\t<meta property=\"article:published_time\" content=\"2026-09-03T11:56:05+00:00\" \/>\n\t\t<meta property=\"article:modified_time\" content=\"2026-09-03T11:56:05+00:00\" \/>\n\t\t<meta name=\"twitter:card\" content=\"summary_large_image\" \/>\n\t\t<meta name=\"twitter:site\" content=\"@ProgresoyCultu\" \/>\n\t\t<meta name=\"twitter:title\" content=\"Taller de Teatro Fundaci\u00f3n Progreso y Cultura (curso 2026-27) \u2022 Fundaci\u00f3n Progreso y Cultura Taller de Teatro Fundaci\u00f3n Progreso y Cultura (curso 2026-27)\" \/>\n\t\t<meta name=\"twitter:description\" content=\"\ud83c\udfad \u00a1El teatro te est\u00e1 llamando! \ud83c\udfad La Fundaci\u00f3n Progreso y Cultura vuelve un curso m\u00e1s con su Taller de Teatro, dirigido por Jaime Cano, un profesor y director esc\u00e9nico con amplia trayectoria. \u00bfSiempre has tenido el gusanillo de actuar, expresarte y descubrir tus posibilidades sobre el escenario? \u00a1Este es tu momento! Cu\u00e1ndo: \ud83d\uddd3\ufe0f de octubre Taller de Teatro Fundaci\u00f3n Progreso y Cultura (curso 2026-27)\" \/>\n\t\t<meta name=\"twitter:creator\" content=\"@ProgresoyCultu\" \/>\n\t\t<meta name=\"twitter:image\" content=\"https:\/\/fundacionprogresoycultura.org\/wp-content\/uploads\/2022\/07\/logofundacion2.jpg\" \/>\n\t\t<meta name=\"twitter:label1\" content=\"Escrito por\" \/>\n\t\t<meta name=\"twitter:data1\" content=\"Belen Sandia\" \/>\n\t\t<meta name=\"twitter:label2\" content=\"Tiempo de lectura estimado\" \/>\n\t\t<meta name=\"twitter:data2\" content=\"2 minutos\" \/>\n\t\t<script type=\"application\/ld+json\" class=\"aioseo-schema\">\n\t\t\t{\"@context\":\"https:\\\/\\\/schema.org\",\"@graph\":[{\"@type\":\"BlogPosting\",\"@id\":\"https:\\\/\\\/fundacionprogresoycultura.org\\\/?p=1037#blogposting\",\"name\":\"Taller de Teatro Fundaci\\u00f3n Progreso y Cultura (curso 2026-27) \\u2022 Fundaci\\u00f3n Progreso y Cultura Taller de Teatro Fundaci\\u00f3n Progreso y Cultura (curso 2026-27)\",\"headline\":\"Taller de Teatro Fundaci\\u00f3n Progreso y Cultura (curso 2026-27)\",\"author\":{\"@id\":\"https:\\\/\\\/fundacionprogresoycultura.org\\\/?author=3#author\"},\"publisher\":{\"@id\":\"https:\\\/\\\/fundacionprogresoycultura.org\\\/#organization\"},\"image\":{\"@type\":\"ImageObject\",\"url\":\"https:\\\/\\\/i0.wp.com\\\/fundacionprogresoycultura.org\\\/wp-content\\\/uploads\\\/2026\\\/09\\\/Taller-de-Teatro-26-27-II.-Web-1200-x-720-px.jpg?fit=1200%2C720&ssl=1\",\"width\":1200,\"height\":720,\"caption\":\"Taller de Teatro Fundaci\\u00f3n Progreso y Cultura\"},\"datePublished\":\"2026-09-03T11:56:05+00:00\",\"dateModified\":\"2026-09-03T11:56:05+00:00\",\"inLanguage\":\"es-ES\",\"mainEntityOfPage\":{\"@id\":\"https:\\\/\\\/fundacionprogresoycultura.org\\\/?p=1037#webpage\"},\"isPartOf\":{\"@id\":\"https:\\\/\\\/fundacionprogresoycultura.org\\\/?p=1037#webpage\"},\"articleSection\":\"Actualidad, Teatro, #Teatro, Artes dram\\u00e1ticas, Artes esc\\u00e9nicas, Curso, Escenario, Fundaci\\u00f3n Progreso y Cultura, Interpretaci\\u00f3n, Jaime Cano, Taller de Teatro\"},{\"@type\":\"BreadcrumbList\",\"@id\":\"https:\\\/\\\/fundacionprogresoycultura.org\\\/?p=1037#breadcrumblist\",\"itemListElement\":[{\"@type\":\"ListItem\",\"@id\":\"https:\\\/\\\/fundacionprogresoycultura.org#listItem\",\"position\":1,\"name\":\"Inicio\",\"item\":\"https:\\\/\\\/fundacionprogresoycultura.org\",\"nextItem\":{\"@type\":\"ListItem\",\"@id\":\"https:\\\/\\\/fundacionprogresoycultura.org\\\/?cat=3#listItem\",\"name\":\"Actualidad\"}},{\"@type\":\"ListItem\",\"@id\":\"https:\\\/\\\/fundacionprogresoycultura.org\\\/?cat=3#listItem\",\"position\":2,\"name\":\"Actualidad\",\"item\":\"https:\\\/\\\/fundacionprogresoycultura.org\\\/?cat=3\",\"nextItem\":{\"@type\":\"ListItem\",\"@id\":\"https:\\\/\\\/fundacionprogresoycultura.org\\\/?p=1037#listItem\",\"name\":\"Taller de Teatro Fundaci\\u00f3n Progreso y Cultura (curso 2026-27)\"},\"previousItem\":{\"@type\":\"ListItem\",\"@id\":\"https:\\\/\\\/fundacionprogresoycultura.org#listItem\",\"name\":\"Inicio\"}},{\"@type\":\"ListItem\",\"@id\":\"https:\\\/\\\/fundacionprogresoycultura.org\\\/?p=1037#listItem\",\"position\":3,\"name\":\"Taller de Teatro Fundaci\\u00f3n Progreso y Cultura (curso 2026-27)\",\"previousItem\":{\"@type\":\"ListItem\",\"@id\":\"https:\\\/\\\/fundacionprogresoycultura.org\\\/?cat=3#listItem\",\"name\":\"Actualidad\"}}]},{\"@type\":\"Organization\",\"@id\":\"https:\\\/\\\/fundacionprogresoycultura.org\\\/#organization\",\"name\":\"Fundaci\\u00f3n Progreso y Cultura\",\"description\":\"Somos una fundaci\\u00f3n sin \\u00e1nimo de lucro que promueve la cultura y el an\\u00e1lisis progresista.\",\"url\":\"https:\\\/\\\/fundacionprogresoycultura.org\\\/\",\"telephone\":\"+34629587778\",\"logo\":{\"@type\":\"ImageObject\",\"url\":\"https:\\\/\\\/i0.wp.com\\\/fundacionprogresoycultura.org\\\/wp-content\\\/uploads\\\/2022\\\/09\\\/LogoFundacion-PyC-2022.png?fit=651%2C238&ssl=1\",\"@id\":\"https:\\\/\\\/fundacionprogresoycultura.org\\\/?p=1037\\\/#organizationLogo\",\"width\":651,\"height\":238},\"image\":{\"@id\":\"https:\\\/\\\/fundacionprogresoycultura.org\\\/?p=1037\\\/#organizationLogo\"},\"sameAs\":[\"https:\\\/\\\/twitter.com\\\/ProgresoyCultu\",\"https:\\\/\\\/instagram.com\\\/fprogresoycultura\",\"https:\\\/\\\/www.youtube.com\\\/@fundacionprogresoycultura\"]},{\"@type\":\"Person\",\"@id\":\"https:\\\/\\\/fundacionprogresoycultura.org\\\/?author=3#author\",\"url\":\"https:\\\/\\\/fundacionprogresoycultura.org\\\/?author=3\",\"name\":\"Belen Sandia\",\"image\":{\"@type\":\"ImageObject\",\"@id\":\"https:\\\/\\\/fundacionprogresoycultura.org\\\/?p=1037#authorImage\",\"url\":\"https:\\\/\\\/secure.gravatar.com\\\/avatar\\\/010008bb11b6d8ef0f7f865b892b1fa934cc9af53222cef42ee89bf8ab9e0fbd?s=96&d=mm&r=g\",\"width\":96,\"height\":96,\"caption\":\"Belen Sandia\"}},{\"@type\":\"WebPage\",\"@id\":\"https:\\\/\\\/fundacionprogresoycultura.org\\\/?p=1037#webpage\",\"url\":\"https:\\\/\\\/fundacionprogresoycultura.org\\\/?p=1037\",\"name\":\"Taller de Teatro Fundaci\\u00f3n Progreso y Cultura (curso 2026-27) \\u2022 Fundaci\\u00f3n Progreso y Cultura Taller de Teatro Fundaci\\u00f3n Progreso y Cultura (curso 2026-27)\",\"description\":\"\\ud83c\\udfad \\u00a1El teatro te est\\u00e1 llamando! \\ud83c\\udfad La Fundaci\\u00f3n Progreso y Cultura vuelve un curso m\\u00e1s con su Taller de Teatro, dirigido por Jaime Cano, un profesor y director esc\\u00e9nico con amplia trayectoria. \\u00bfSiempre has tenido el gusanillo de actuar, expresarte y descubrir tus posibilidades sobre el escenario? \\u00a1Este es tu momento! Cu\\u00e1ndo: \\ud83d\\uddd3\\ufe0f de octubre Taller de Teatro Fundaci\\u00f3n Progreso y Cultura (curso 2026-27)\",\"inLanguage\":\"es-ES\",\"isPartOf\":{\"@id\":\"https:\\\/\\\/fundacionprogresoycultura.org\\\/#website\"},\"breadcrumb\":{\"@id\":\"https:\\\/\\\/fundacionprogresoycultura.org\\\/?p=1037#breadcrumblist\"},\"author\":{\"@id\":\"https:\\\/\\\/fundacionprogresoycultura.org\\\/?author=3#author\"},\"creator\":{\"@id\":\"https:\\\/\\\/fundacionprogresoycultura.org\\\/?author=3#author\"},\"image\":{\"@type\":\"ImageObject\",\"url\":\"https:\\\/\\\/i0.wp.com\\\/fundacionprogresoycultura.org\\\/wp-content\\\/uploads\\\/2026\\\/09\\\/Taller-de-Teatro-26-27-II.-Web-1200-x-720-px.jpg?fit=1200%2C720&ssl=1\",\"@id\":\"https:\\\/\\\/fundacionprogresoycultura.org\\\/?p=1037\\\/#mainImage\",\"width\":1200,\"height\":720,\"caption\":\"Taller de Teatro Fundaci\\u00f3n Progreso y Cultura\"},\"primaryImageOfPage\":{\"@id\":\"https:\\\/\\\/fundacionprogresoycultura.org\\\/?p=1037#mainImage\"},\"datePublished\":\"2026-09-03T11:56:05+00:00\",\"dateModified\":\"2026-09-03T11:56:05+00:00\"},{\"@type\":\"WebSite\",\"@id\":\"https:\\\/\\\/fundacionprogresoycultura.org\\\/#website\",\"url\":\"https:\\\/\\\/fundacionprogresoycultura.org\\\/\",\"name\":\"Fundaci\\u00f3n Progreso y Cultura\",\"description\":\"Somos una fundaci\\u00f3n sin \\u00e1nimo de lucro que promueve la cultura y el an\\u00e1lisis progresista.\",\"inLanguage\":\"es-ES\",\"publisher\":{\"@id\":\"https:\\\/\\\/fundacionprogresoycultura.org\\\/#organization\"}}]}\n\t\t<\/script>\n\t\t<!-- All in One SEO -->\n\n","aioseo_head_json":{"title":"Taller de Teatro Fundaci\u00f3n Progreso y Cultura (curso 2026-27) \u2022 Fundaci\u00f3n Progreso y Cultura Taller de Teatro Fundaci\u00f3n Progreso y Cultura (curso 2026-27)","description":"\ud83c\udfad \u00a1El teatro te est\u00e1 llamando! \ud83c\udfad La Fundaci\u00f3n Progreso y Cultura vuelve un curso m\u00e1s con su Taller de Teatro, dirigido por Jaime Cano, un profesor y director esc\u00e9nico con amplia trayectoria. \u00bfSiempre has tenido el gusanillo de actuar, expresarte y descubrir tus posibilidades sobre el escenario? \u00a1Este es tu momento! Cu\u00e1ndo: \ud83d\uddd3\ufe0f de octubre Taller de Teatro Fundaci\u00f3n Progreso y Cultura (curso 2026-27)","canonical_url":"https:\/\/fundacionprogresoycultura.org\/?p=1037","robots":"max-image-preview:large","keywords":"","webmasterTools":{"miscellaneous":""},"schema":{"@context":"https:\/\/schema.org","@graph":[{"@type":"BlogPosting","@id":"https:\/\/fundacionprogresoycultura.org\/?p=1037#blogposting","name":"Taller de Teatro Fundaci\u00f3n Progreso y Cultura (curso 2026-27) \u2022 Fundaci\u00f3n Progreso y Cultura Taller de Teatro Fundaci\u00f3n Progreso y Cultura (curso 2026-27)","headline":"Taller de Teatro Fundaci\u00f3n Progreso y Cultura (curso 2026-27)","author":{"@id":"https:\/\/fundacionprogresoycultura.org\/?author=3#author"},"publisher":{"@id":"https:\/\/fundacionprogresoycultura.org\/#organization"},"image":{"@type":"ImageObject","url":"https:\/\/i0.wp.com\/fundacionprogresoycultura.org\/wp-content\/uploads\/2026\/09\/Taller-de-Teatro-26-27-II.-Web-1200-x-720-px.jpg?fit=1200%2C720&ssl=1","width":1200,"height":720,"caption":"Taller de Teatro Fundaci\u00f3n Progreso y Cultura"},"datePublished":"2026-09-03T11:56:05+00:00","dateModified":"2026-09-03T11:56:05+00:00","inLanguage":"es-ES","mainEntityOfPage":{"@id":"https:\/\/fundacionprogresoycultura.org\/?p=1037#webpage"},"isPartOf":{"@id":"https:\/\/fundacionprogresoycultura.org\/?p=1037#webpage"},"articleSection":"Actualidad, Teatro, #Teatro, Artes dram\u00e1ticas, Artes esc\u00e9nicas, Curso, Escenario, Fundaci\u00f3n Progreso y Cultura, Interpretaci\u00f3n, Jaime Cano, Taller de Teatro"},{"@type":"BreadcrumbList","@id":"https:\/\/fundacionprogresoycultura.org\/?p=1037#breadcrumblist","itemListElement":[{"@type":"ListItem","@id":"https:\/\/fundacionprogresoycultura.org#listItem","position":1,"name":"Inicio","item":"https:\/\/fundacionprogresoycultura.org","nextItem":{"@type":"ListItem","@id":"https:\/\/fundacionprogresoycultura.org\/?cat=3#listItem","name":"Actualidad"}},{"@type":"ListItem","@id":"https:\/\/fundacionprogresoycultura.org\/?cat=3#listItem","position":2,"name":"Actualidad","item":"https:\/\/fundacionprogresoycultura.org\/?cat=3","nextItem":{"@type":"ListItem","@id":"https:\/\/fundacionprogresoycultura.org\/?p=1037#listItem","name":"Taller de Teatro Fundaci\u00f3n Progreso y Cultura (curso 2026-27)"},"previousItem":{"@type":"ListItem","@id":"https:\/\/fundacionprogresoycultura.org#listItem","name":"Inicio"}},{"@type":"ListItem","@id":"https:\/\/fundacionprogresoycultura.org\/?p=1037#listItem","position":3,"name":"Taller de Teatro Fundaci\u00f3n Progreso y Cultura (curso 2026-27)","previousItem":{"@type":"ListItem","@id":"https:\/\/fundacionprogresoycultura.org\/?cat=3#listItem","name":"Actualidad"}}]},{"@type":"Organization","@id":"https:\/\/fundacionprogresoycultura.org\/#organization","name":"Fundaci\u00f3n Progreso y Cultura","description":"Somos una fundaci\u00f3n sin \u00e1nimo de lucro que promueve la cultura y el an\u00e1lisis progresista.","url":"https:\/\/fundacionprogresoycultura.org\/","telephone":"+34629587778","logo":{"@type":"ImageObject","url":"https:\/\/i0.wp.com\/fundacionprogresoycultura.org\/wp-content\/uploads\/2022\/09\/LogoFundacion-PyC-2022.png?fit=651%2C238&ssl=1","@id":"https:\/\/fundacionprogresoycultura.org\/?p=1037\/#organizationLogo","width":651,"height":238},"image":{"@id":"https:\/\/fundacionprogresoycultura.org\/?p=1037\/#organizationLogo"},"sameAs":["https:\/\/twitter.com\/ProgresoyCultu","https:\/\/instagram.com\/fprogresoycultura","https:\/\/www.youtube.com\/@fundacionprogresoycultura"]},{"@type":"Person","@id":"https:\/\/fundacionprogresoycultura.org\/?author=3#author","url":"https:\/\/fundacionprogresoycultura.org\/?author=3","name":"Belen Sandia","image":{"@type":"ImageObject","@id":"https:\/\/fundacionprogresoycultura.org\/?p=1037#authorImage","url":"https:\/\/secure.gravatar.com\/avatar\/010008bb11b6d8ef0f7f865b892b1fa934cc9af53222cef42ee89bf8ab9e0fbd?s=96&d=mm&r=g","width":96,"height":96,"caption":"Belen Sandia"}},{"@type":"WebPage","@id":"https:\/\/fundacionprogresoycultura.org\/?p=1037#webpage","url":"https:\/\/fundacionprogresoycultura.org\/?p=1037","name":"Taller de Teatro Fundaci\u00f3n Progreso y Cultura (curso 2026-27) \u2022 Fundaci\u00f3n Progreso y Cultura Taller de Teatro Fundaci\u00f3n Progreso y Cultura (curso 2026-27)","description":"\ud83c\udfad \u00a1El teatro te est\u00e1 llamando! \ud83c\udfad La Fundaci\u00f3n Progreso y Cultura vuelve un curso m\u00e1s con su Taller de Teatro, dirigido por Jaime Cano, un profesor y director esc\u00e9nico con amplia trayectoria. \u00bfSiempre has tenido el gusanillo de actuar, expresarte y descubrir tus posibilidades sobre el escenario? \u00a1Este es tu momento! Cu\u00e1ndo: \ud83d\uddd3\ufe0f de octubre Taller de Teatro Fundaci\u00f3n Progreso y Cultura (curso 2026-27)","inLanguage":"es-ES","isPartOf":{"@id":"https:\/\/fundacionprogresoycultura.org\/#website"},"breadcrumb":{"@id":"https:\/\/fundacionprogresoycultura.org\/?p=1037#breadcrumblist"},"author":{"@id":"https:\/\/fundacionprogresoycultura.org\/?author=3#author"},"creator":{"@id":"https:\/\/fundacionprogresoycultura.org\/?author=3#author"},"image":{"@type":"ImageObject","url":"https:\/\/i0.wp.com\/fundacionprogresoycultura.org\/wp-content\/uploads\/2026\/09\/Taller-de-Teatro-26-27-II.-Web-1200-x-720-px.jpg?fit=1200%2C720&ssl=1","@id":"https:\/\/fundacionprogresoycultura.org\/?p=1037\/#mainImage","width":1200,"height":720,"caption":"Taller de Teatro Fundaci\u00f3n Progreso y Cultura"},"primaryImageOfPage":{"@id":"https:\/\/fundacionprogresoycultura.org\/?p=1037#mainImage"},"datePublished":"2026-09-03T11:56:05+00:00","dateModified":"2026-09-03T11:56:05+00:00"},{"@type":"WebSite","@id":"https:\/\/fundacionprogresoycultura.org\/#website","url":"https:\/\/fundacionprogresoycultura.org\/","name":"Fundaci\u00f3n Progreso y Cultura","description":"Somos una fundaci\u00f3n sin \u00e1nimo de lucro que promueve la cultura y el an\u00e1lisis progresista.","inLanguage":"es-ES","publisher":{"@id":"https:\/\/fundacionprogresoycultura.org\/#organization"}}]},"og:locale":"es_ES","og:site_name":"Fundaci\u00f3n Progreso y Cultura \u2022 Somos una fundaci\u00f3n sin \u00e1nimo de lucro que promueve la cultura y el an\u00e1lisis progresista.","og:type":"article","og:title":"Taller de Teatro Fundaci\u00f3n Progreso y Cultura (curso 2026-27) \u2022 Fundaci\u00f3n Progreso y Cultura Taller de Teatro Fundaci\u00f3n Progreso y Cultura (curso 2026-27)","og:description":"\ud83c\udfad \u00a1El teatro te est\u00e1 llamando! \ud83c\udfad La Fundaci\u00f3n Progreso y Cultura vuelve un curso m\u00e1s con su Taller de Teatro, dirigido por Jaime Cano, un profesor y director esc\u00e9nico con amplia trayectoria. \u00bfSiempre has tenido el gusanillo de actuar, expresarte y descubrir tus posibilidades sobre el escenario? \u00a1Este es tu momento! Cu\u00e1ndo: \ud83d\uddd3\ufe0f de octubre Taller de Teatro Fundaci\u00f3n Progreso y Cultura (curso 2026-27)","og:url":"https:\/\/fundacionprogresoycultura.org\/?p=1037","og:image":"https:\/\/fundacionprogresoycultura.org\/wp-content\/uploads\/2026\/09\/Taller-de-Teatro-26-27-II.-Web-1200-x-720-px.jpg","og:image:secure_url":"https:\/\/fundacionprogresoycultura.org\/wp-content\/uploads\/2026\/09\/Taller-de-Teatro-26-27-II.-Web-1200-x-720-px.jpg","og:image:width":1200,"og:image:height":720,"article:published_time":"2026-09-03T11:56:05+00:00","article:modified_time":"2026-09-03T11:56:05+00:00","twitter:card":"summary_large_image","twitter:site":"@ProgresoyCultu","twitter:title":"Taller de Teatro Fundaci\u00f3n Progreso y Cultura (curso 2026-27) \u2022 Fundaci\u00f3n Progreso y Cultura Taller de Teatro Fundaci\u00f3n Progreso y Cultura (curso 2026-27)","twitter:description":"\ud83c\udfad \u00a1El teatro te est\u00e1 llamando! \ud83c\udfad La Fundaci\u00f3n Progreso y Cultura vuelve un curso m\u00e1s con su Taller de Teatro, dirigido por Jaime Cano, un profesor y director esc\u00e9nico con amplia trayectoria. \u00bfSiempre has tenido el gusanillo de actuar, expresarte y descubrir tus posibilidades sobre el escenario? \u00a1Este es tu momento! Cu\u00e1ndo: \ud83d\uddd3\ufe0f de octubre Taller de Teatro Fundaci\u00f3n Progreso y Cultura (curso 2026-27)","twitter:creator":"@ProgresoyCultu","twitter:image":"https:\/\/fundacionprogresoycultura.org\/wp-content\/uploads\/2022\/07\/logofundacion2.jpg","twitter:label1":"Escrito por","twitter:data1":"Belen Sandia","twitter:label2":"Tiempo de lectura estimado","twitter:data2":"2 minutos"},"aioseo_meta_data":{"post_id":"1037","title":"#post_title #separator_sa #site_title Taller de Teatro Fundaci\u00f3n Progreso y Cultura (curso 2026-27)","description":"#post_excerpt Taller de Teatro Fundaci\u00f3n Progreso y Cultura (curso 2026-27)","keywords":null,"keyphrases":{"focus":{"keyphrase":"","score":0,"analysis":{"keyphraseInTitle":{"score":0,"maxScore":9,"error":1}}},"additional":[]},"primary_term":null,"canonical_url":null,"og_title":null,"og_description":null,"og_object_type":"default","og_image_type":"default","og_image_url":null,"og_image_width":null,"og_image_height":null,"og_image_custom_url":null,"og_image_custom_fields":null,"og_video":"","og_custom_url":null,"og_article_section":null,"og_article_tags":null,"twitter_use_og":false,"twitter_card":"default","twitter_image_type":"default","twitter_image_url":null,"twitter_image_custom_url":null,"twitter_image_custom_fields":null,"twitter_title":null,"twitter_description":null,"schema":{"blockGraphs":[],"customGraphs":[],"default":{"data":{"Article":[],"Course":[],"Dataset":[],"FAQPage":[],"Movie":[],"Person":[],"Product":[],"ProductReview":[],"Car":[],"Recipe":[],"Service":[],"SoftwareApplication":[],"WebPage":[]},"graphName":"BlogPosting","isEnabled":true},"graphs":[]},"schema_type":"default","schema_type_options":null,"pillar_content":false,"robots_default":true,"robots_noindex":false,"robots_noarchive":false,"robots_nosnippet":false,"robots_nofollow":false,"robots_noimageindex":false,"robots_noodp":false,"robots_notranslate":false,"robots_max_snippet":"-1","robots_max_videopreview":"-1","robots_max_imagepreview":"large","priority":null,"frequency":"default","local_seo":null,"breadcrumb_settings":null,"limit_modified_date":false,"ai":{"faqs":[],"keyPoints":[],"schemas":[],"titles":[],"descriptions":[],"socialPosts":{"email":{"subject":"","preview":"","content":""},"linkedin":[],"twitter":[],"facebook":[],"instagram":[]}},"created":"2026-09-03 11:56:05","updated":"2026-09-03 13:37:26","seo_analyzer_scan_date":null,"focus_keyword":null,"additional_keywords":null,"truseo_locale":null},"aioseo_breadcrumb":"<div class=\"aioseo-breadcrumbs\"><span class=\"aioseo-breadcrumb\">\n\t\t\t<a href=\"https:\/\/fundacionprogresoycultura.org\" title=\"Inicio\">Inicio<\/a>\n\t\t<\/span><span class=\"aioseo-breadcrumb-separator\">&raquo;<\/span><span class=\"aioseo-breadcrumb\">\n\t\t\t<a href=\"https:\/\/fundacionprogresoycultura.org\/?cat=3\" title=\"Actualidad\">Actualidad<\/a>\n\t\t<\/span><span class=\"aioseo-breadcrumb-separator\">&raquo;<\/span><span class=\"aioseo-breadcrumb\">\n\t\t\tTaller de Teatro Fundaci\u00f3n Progreso y Cultura (curso 2026-27)\n\t\t<\/span><\/div>","aioseo_breadcrumb_json":[{"label":"Inicio","link":"https:\/\/fundacionprogresoycultura.org"},{"label":"Actualidad","link":"https:\/\/fundacionprogresoycultura.org\/?cat=3"},{"label":"Taller de Teatro Fundaci\u00f3n Progreso y Cultura (curso 2026-27)","link":"https:\/\/fundacionprogresoycultura.org\/?p=1037"}],"jetpack_publicize_connections":[],"jetpack_featured_media_url":"https:\/\/i0.wp.com\/fundacionprogresoycultura.org\/wp-content\/uploads\/2026\/09\/Taller-de-Teatro-26-27-II.-Web-1200-x-720-px.jpg?fit=1200%2C720&ssl=1","jetpack_sharing_enabled":true,"jetpack_likes_enabled":true,"jetpack-related-posts":[],"_links":{"self":[{"href":"https:\/\/fundacionprogresoycultura.org\/index.php?rest_route=\/wp\/v2\/posts\/1037","targetHints":{"allow":["GET"]}}],"collection":[{"href":"https:\/\/fundacionprogresoycultura.org\/index.php?rest_route=\/wp\/v2\/posts"}],"about":[{"href":"https:\/\/fundacionprogresoycultura.org\/index.php?rest_route=\/wp\/v2\/types\/post"}],"author":[{"embeddable":true,"href":"https:\/\/fundacionprogresoycultura.org\/index.php?rest_route=\/wp\/v2\/users\/3"}],"replies":[{"embeddable":true,"href":"https:\/\/fundacionprogresoycultura.org\/index.php?rest_route=%2Fwp%2Fv2%2Fcomments&post=1037"}],"version-history":[{"count":1,"href":"https:\/\/fundacionprogresoycultura.org\/index.php?rest_route=\/wp\/v2\/posts\/1037\/revisions"}],"predecessor-version":[{"id":1038,"href":"https:\/\/fundacionprogresoycultura.org\/index.php?rest_route=\/wp\/v2\/posts\/1037\/revisions\/1038"}],"wp:featuredmedia":[{"embeddable":true,"href":"https:\/\/fundacionprogresoycultura.org\/index.php?rest_route=\/wp\/v2\/media\/1036"}],"wp:attachment":[{"href":"https:\/\/fundacionprogresoycultura.org\/index.php?rest_route=%2Fwp%2Fv2%2Fmedia&parent=1037"}],"wp:term":[{"taxonomy":"category","embeddable":true,"href":"https:\/\/fundacionprogresoycultura.org\/index.php?rest_route=%2Fwp%2Fv2%2Fcategories&post=1037"},{"taxonomy":"post_tag","embeddable":true,"href":"https:\/\/fundacionprogresoycultura.org\/index.php?rest_route=%2Fwp%2Fv2%2Ftags&post=1037"}],"curies":[{"name":"wp","href":"https:\/\/api.w.org\/{rel}","templated":true}]}}