{"id":1040,"date":"2026-09-03T21:37:58","date_gmt":"2026-09-03T21:37:58","guid":{"rendered":"https:\/\/fundacionprogresoycultura.org\/?p=1040"},"modified":"2026-09-03T21:37:58","modified_gmt":"2026-09-03T21:37:58","slug":"club-de-lectura-curso-2026-2027","status":"publish","type":"post","link":"https:\/\/fundacionprogresoycultura.org\/?p=1040","title":{"rendered":"Club de Lectura (curso 2026-2027)"},"content":{"rendered":"<p data-path-to-node=\"0\"><b data-path-to-node=\"0\" data-index-in-node=\"0\">\u00a1Vuelve el Club de Lectura de la Fundaci\u00f3n Progreso y Cultura para el curso 2026-2027!<\/b><\/p>\n<p data-path-to-node=\"1\">Tras el descanso estival, nos complace anunciar el regreso de nuestro <b data-path-to-node=\"1\" data-index-in-node=\"70\">Club de Lectura<\/b>, un espacio de encuentro, debate y reflexi\u00f3n compartida alrededor de los libros. Arrancamos el curso 2026-2027 con renovadas energ\u00edas y una selecci\u00f3n de lecturas dise\u00f1ada para inspirar, cuestionar y disfrutar del placer de la literatura en comunidad.<\/p>\n<p data-path-to-node=\"2\">Si te apasiona la lectura y buscas un lugar donde intercambiar impresiones, descubrir nuevas voces literarias o reinterpretar los grandes cl\u00e1sicos, este es tu sitio. No importa si eres un lector voraz o si buscas retomar el h\u00e1bito: nuestras puertas est\u00e1n abiertas para todas las personas con inquietud cultural.<\/p>\n<ul data-path-to-node=\"5\">\n<li>\n<p data-path-to-node=\"5,0,0\"><b data-path-to-node=\"5,0,0\" data-index-in-node=\"0\"><\/b><b data-path-to-node=\"5,0,0\" data-index-in-node=\"0\"><\/b><b data-path-to-node=\"5,0,0\" data-index-in-node=\"0\"><\/b><b data-path-to-node=\"5,0,0\" data-index-in-node=\"0\"><\/b><b data-path-to-node=\"5,0,0\" data-index-in-node=\"0\"><\/b><b data-path-to-node=\"5,0,0\" data-index-in-node=\"0\"><\/b><b data-path-to-node=\"5,0,0\" data-index-in-node=\"0\"><\/b><b data-path-to-node=\"5,0,0\" data-index-in-node=\"0\"><\/b><b data-path-to-node=\"5,0,0\" data-index-in-node=\"0\"><\/b><b data-path-to-node=\"5,0,0\" data-index-in-node=\"0\"><\/b><b data-path-to-node=\"5,0,0\" data-index-in-node=\"0\">Inicio de las sesiones:<\/b> 30 de septiembre de 2026.<\/p>\n<\/li>\n<li>\n<p data-path-to-node=\"5,1,0\"><b data-path-to-node=\"5,1,0\" data-index-in-node=\"0\"><\/b><b data-path-to-node=\"5,1,0\" data-index-in-node=\"0\"><\/b><b data-path-to-node=\"5,1,0\" data-index-in-node=\"0\"><\/b><b data-path-to-node=\"5,1,0\" data-index-in-node=\"0\"><\/b><b data-path-to-node=\"5,1,0\" data-index-in-node=\"0\"><\/b><b data-path-to-node=\"5,1,0\" data-index-in-node=\"0\"><\/b><b data-path-to-node=\"5,1,0\" data-index-in-node=\"0\"><\/b><b data-path-to-node=\"5,1,0\" data-index-in-node=\"0\"><\/b><b data-path-to-node=\"5,1,0\" data-index-in-node=\"0\"><\/b><b data-path-to-node=\"5,1,0\" data-index-in-node=\"0\"><\/b><b data-path-to-node=\"5,1,0\" data-index-in-node=\"0\">Frecuencia:<\/b> Una reuni\u00f3n mensual (\u00faltimo mi\u00e9rcoles de cada mes)<\/p>\n<\/li>\n<li>\n<p data-path-to-node=\"5,2,0\"><b data-path-to-node=\"5,2,0\" data-index-in-node=\"0\"><\/b><b data-path-to-node=\"5,2,0\" data-index-in-node=\"0\"><\/b><b data-path-to-node=\"5,2,0\" data-index-in-node=\"0\"><\/b><b data-path-to-node=\"5,2,0\" data-index-in-node=\"0\"><\/b><b data-path-to-node=\"5,2,0\" data-index-in-node=\"0\"><\/b><b data-path-to-node=\"5,2,0\" data-index-in-node=\"0\"><\/b><b data-path-to-node=\"5,2,0\" data-index-in-node=\"0\"><\/b><b data-path-to-node=\"5,2,0\" data-index-in-node=\"0\"><\/b><b data-path-to-node=\"5,2,0\" data-index-in-node=\"0\"><\/b><b data-path-to-node=\"5,2,0\" data-index-in-node=\"0\"><\/b><b data-path-to-node=\"5,2,0\" data-index-in-node=\"0\">Inscripci\u00f3n:<\/b> Abierta a partir de hoy. Las plazas son limitadas para garantizar la participaci\u00f3n activa de todos los asistentes. Ser\u00e1 necesaria la confirmaci\u00f3n de plaza.<\/p>\n<\/li>\n<li>\n<p data-path-to-node=\"5,3,0\"><b data-path-to-node=\"5,3,0\" data-index-in-node=\"0\">Formulario web: <a href=\"https:\/\/docs.google.com\/forms\/d\/e\/1FAIpQLScidQolIA-Dzs_LH53-RUsfvIuTF66QA6YZvX2on5k67XDCsw\/viewform?usp=header\">Enlace al formulario de inscripci\u00f3n<\/a><\/b><\/p>\n<\/li>\n<\/ul>\n<p>Este proyecto nace para democratizar el acceso a la lectura, promover h\u00e1bitos lectores en personas adultas, crear comunidad en torno al libro y fomentar la conciencia cr\u00edtica en un marco amigable, accesible y motivador.<\/p>\n<p data-path-to-node=\"10\">\u00a1An\u00edmate y acomp\u00e1\u00f1anos en esta aventura literaria!<\/p>\n","protected":false},"excerpt":{"rendered":"<p>\u00a1Vuelve el Club de Lectura de la Fundaci\u00f3n Progreso y Cultura para el curso 2026-2027!&#8230;<\/p>\n","protected":false},"author":3,"featured_media":1039,"comment_status":"open","ping_status":"open","sticky":false,"template":"","format":"standard","meta":{"om_disable_all_campaigns":false,"_monsterinsights_skip_tracking":false,"_jetpack_memberships_contains_paid_content":false,"footnotes":"","jetpack_publicize_message":"","jetpack_publicize_feature_enabled":true,"jetpack_social_post_already_shared":true,"jetpack_social_options":{"image_generator_settings":{"template":"highway","default_image_id":0,"font":"","enabled":false},"version":2}},"categories":[3,32],"tags":[132,44,152,133,42,128],"class_list":["post-1040","post","type-post","status-publish","format-standard","has-post-thumbnail","hentry","category-actualidad","category-libros","tag-club-de-lectura","tag-fundacion-progreso-y-cultura","tag-lectura","tag-leer","tag-libro","tag-libros"],"aioseo_notices":[],"aioseo_head":"\n\t\t<!-- All in One SEO 5.0.1.1 - aioseo.com -->\n\t<meta name=\"description\" content=\"\u00a1Vuelve el Club de Lectura de la Fundaci\u00f3n Progreso y Cultura para el curso 2026-2027! Tras el descanso estival, nos complace anunciar el regreso de nuestro Club de Lectura, un espacio de encuentro, debate y reflexi\u00f3n compartida alrededor de los libros. Arrancamos el curso 2026-2027 con renovadas energ\u00edas y una selecci\u00f3n de lecturas dise\u00f1ada para Club de Lectura (curso 2026-2027)\" \/>\n\t<meta name=\"robots\" content=\"max-image-preview:large\" \/>\n\t<meta name=\"author\" content=\"Belen Sandia\"\/>\n\t<link rel=\"canonical\" href=\"https:\/\/fundacionprogresoycultura.org\/?p=1040\" \/>\n\t<meta name=\"generator\" content=\"All in One SEO (AIOSEO) 5.0.1.1\" \/>\n\t\t<meta property=\"og:locale\" content=\"es_ES\" \/>\n\t\t<meta property=\"og:site_name\" content=\"Fundaci\u00f3n Progreso y Cultura \u2022 Somos una fundaci\u00f3n sin \u00e1nimo de lucro que promueve la cultura y el an\u00e1lisis progresista.\" \/>\n\t\t<meta property=\"og:type\" content=\"article\" \/>\n\t\t<meta property=\"og:title\" content=\"Club de Lectura (curso 2026-2027) \u2022 Fundaci\u00f3n Progreso y Cultura Club de Lectura (curso 2026-2027)\" \/>\n\t\t<meta property=\"og:description\" content=\"\u00a1Vuelve el Club de Lectura de la Fundaci\u00f3n Progreso y Cultura para el curso 2026-2027! Tras el descanso estival, nos complace anunciar el regreso de nuestro Club de Lectura, un espacio de encuentro, debate y reflexi\u00f3n compartida alrededor de los libros. Arrancamos el curso 2026-2027 con renovadas energ\u00edas y una selecci\u00f3n de lecturas dise\u00f1ada para Club de Lectura (curso 2026-2027)\" \/>\n\t\t<meta property=\"og:url\" content=\"https:\/\/fundacionprogresoycultura.org\/?p=1040\" \/>\n\t\t<meta property=\"og:image\" content=\"https:\/\/fundacionprogresoycultura.org\/wp-content\/uploads\/2026\/09\/Club-de-Lectura.-Web-1200-x-720-px.jpg\" \/>\n\t\t<meta property=\"og:image:secure_url\" content=\"https:\/\/fundacionprogresoycultura.org\/wp-content\/uploads\/2026\/09\/Club-de-Lectura.-Web-1200-x-720-px.jpg\" \/>\n\t\t<meta property=\"og:image:width\" content=\"1200\" \/>\n\t\t<meta property=\"og:image:height\" content=\"720\" \/>\n\t\t<meta property=\"article:published_time\" content=\"2026-09-03T21:37:58+00:00\" \/>\n\t\t<meta property=\"article:modified_time\" content=\"2026-09-03T21:37:58+00:00\" \/>\n\t\t<meta name=\"twitter:card\" content=\"summary_large_image\" \/>\n\t\t<meta name=\"twitter:site\" content=\"@ProgresoyCultu\" \/>\n\t\t<meta name=\"twitter:title\" content=\"Club de Lectura (curso 2026-2027) \u2022 Fundaci\u00f3n Progreso y Cultura Club de Lectura (curso 2026-2027)\" \/>\n\t\t<meta name=\"twitter:description\" content=\"\u00a1Vuelve el Club de Lectura de la Fundaci\u00f3n Progreso y Cultura para el curso 2026-2027! Tras el descanso estival, nos complace anunciar el regreso de nuestro Club de Lectura, un espacio de encuentro, debate y reflexi\u00f3n compartida alrededor de los libros. Arrancamos el curso 2026-2027 con renovadas energ\u00edas y una selecci\u00f3n de lecturas dise\u00f1ada para Club de Lectura (curso 2026-2027)\" \/>\n\t\t<meta name=\"twitter:creator\" content=\"@ProgresoyCultu\" \/>\n\t\t<meta name=\"twitter:image\" content=\"https:\/\/fundacionprogresoycultura.org\/wp-content\/uploads\/2022\/07\/logofundacion2.jpg\" \/>\n\t\t<meta name=\"twitter:label1\" content=\"Escrito por\" \/>\n\t\t<meta name=\"twitter:data1\" content=\"Belen Sandia\" \/>\n\t\t<meta name=\"twitter:label2\" content=\"Tiempo de lectura estimado\" \/>\n\t\t<meta name=\"twitter:data2\" content=\"1 minuto\" \/>\n\t\t<script type=\"application\/ld+json\" class=\"aioseo-schema\">\n\t\t\t{\"@context\":\"https:\\\/\\\/schema.org\",\"@graph\":[{\"@type\":\"BlogPosting\",\"@id\":\"https:\\\/\\\/fundacionprogresoycultura.org\\\/?p=1040#blogposting\",\"name\":\"Club de Lectura (curso 2026-2027) \\u2022 Fundaci\\u00f3n Progreso y Cultura Club de Lectura (curso 2026-2027)\",\"headline\":\"Club de Lectura (curso 2026-2027)\",\"author\":{\"@id\":\"https:\\\/\\\/fundacionprogresoycultura.org\\\/?author=3#author\"},\"publisher\":{\"@id\":\"https:\\\/\\\/fundacionprogresoycultura.org\\\/#organization\"},\"image\":{\"@type\":\"ImageObject\",\"url\":\"https:\\\/\\\/i0.wp.com\\\/fundacionprogresoycultura.org\\\/wp-content\\\/uploads\\\/2026\\\/09\\\/Club-de-Lectura.-Web-1200-x-720-px.jpg?fit=1200%2C720&ssl=1\",\"width\":1200,\"height\":720,\"caption\":\"Club de lectura\"},\"datePublished\":\"2026-09-03T21:37:58+00:00\",\"dateModified\":\"2026-09-03T21:37:58+00:00\",\"inLanguage\":\"es-ES\",\"mainEntityOfPage\":{\"@id\":\"https:\\\/\\\/fundacionprogresoycultura.org\\\/?p=1040#webpage\"},\"isPartOf\":{\"@id\":\"https:\\\/\\\/fundacionprogresoycultura.org\\\/?p=1040#webpage\"},\"articleSection\":\"Actualidad, Libros, Club de lectura, Fundaci\\u00f3n Progreso y Cultura, Lectura, leer, Libro, libros\"},{\"@type\":\"BreadcrumbList\",\"@id\":\"https:\\\/\\\/fundacionprogresoycultura.org\\\/?p=1040#breadcrumblist\",\"itemListElement\":[{\"@type\":\"ListItem\",\"@id\":\"https:\\\/\\\/fundacionprogresoycultura.org#listItem\",\"position\":1,\"name\":\"Inicio\",\"item\":\"https:\\\/\\\/fundacionprogresoycultura.org\",\"nextItem\":{\"@type\":\"ListItem\",\"@id\":\"https:\\\/\\\/fundacionprogresoycultura.org\\\/?cat=3#listItem\",\"name\":\"Actualidad\"}},{\"@type\":\"ListItem\",\"@id\":\"https:\\\/\\\/fundacionprogresoycultura.org\\\/?cat=3#listItem\",\"position\":2,\"name\":\"Actualidad\",\"item\":\"https:\\\/\\\/fundacionprogresoycultura.org\\\/?cat=3\",\"nextItem\":{\"@type\":\"ListItem\",\"@id\":\"https:\\\/\\\/fundacionprogresoycultura.org\\\/?p=1040#listItem\",\"name\":\"Club de Lectura (curso 2026-2027)\"},\"previousItem\":{\"@type\":\"ListItem\",\"@id\":\"https:\\\/\\\/fundacionprogresoycultura.org#listItem\",\"name\":\"Inicio\"}},{\"@type\":\"ListItem\",\"@id\":\"https:\\\/\\\/fundacionprogresoycultura.org\\\/?p=1040#listItem\",\"position\":3,\"name\":\"Club de Lectura (curso 2026-2027)\",\"previousItem\":{\"@type\":\"ListItem\",\"@id\":\"https:\\\/\\\/fundacionprogresoycultura.org\\\/?cat=3#listItem\",\"name\":\"Actualidad\"}}]},{\"@type\":\"Organization\",\"@id\":\"https:\\\/\\\/fundacionprogresoycultura.org\\\/#organization\",\"name\":\"Fundaci\\u00f3n Progreso y Cultura\",\"description\":\"Somos una fundaci\\u00f3n sin \\u00e1nimo de lucro que promueve la cultura y el an\\u00e1lisis progresista.\",\"url\":\"https:\\\/\\\/fundacionprogresoycultura.org\\\/\",\"telephone\":\"+34629587778\",\"logo\":{\"@type\":\"ImageObject\",\"url\":\"https:\\\/\\\/i0.wp.com\\\/fundacionprogresoycultura.org\\\/wp-content\\\/uploads\\\/2022\\\/09\\\/LogoFundacion-PyC-2022.png?fit=651%2C238&ssl=1\",\"@id\":\"https:\\\/\\\/fundacionprogresoycultura.org\\\/?p=1040\\\/#organizationLogo\",\"width\":651,\"height\":238},\"image\":{\"@id\":\"https:\\\/\\\/fundacionprogresoycultura.org\\\/?p=1040\\\/#organizationLogo\"},\"sameAs\":[\"https:\\\/\\\/twitter.com\\\/ProgresoyCultu\",\"https:\\\/\\\/instagram.com\\\/fprogresoycultura\",\"https:\\\/\\\/www.youtube.com\\\/@fundacionprogresoycultura\"]},{\"@type\":\"Person\",\"@id\":\"https:\\\/\\\/fundacionprogresoycultura.org\\\/?author=3#author\",\"url\":\"https:\\\/\\\/fundacionprogresoycultura.org\\\/?author=3\",\"name\":\"Belen Sandia\",\"image\":{\"@type\":\"ImageObject\",\"@id\":\"https:\\\/\\\/fundacionprogresoycultura.org\\\/?p=1040#authorImage\",\"url\":\"https:\\\/\\\/secure.gravatar.com\\\/avatar\\\/010008bb11b6d8ef0f7f865b892b1fa934cc9af53222cef42ee89bf8ab9e0fbd?s=96&d=mm&r=g\",\"width\":96,\"height\":96,\"caption\":\"Belen Sandia\"}},{\"@type\":\"WebPage\",\"@id\":\"https:\\\/\\\/fundacionprogresoycultura.org\\\/?p=1040#webpage\",\"url\":\"https:\\\/\\\/fundacionprogresoycultura.org\\\/?p=1040\",\"name\":\"Club de Lectura (curso 2026-2027) \\u2022 Fundaci\\u00f3n Progreso y Cultura Club de Lectura (curso 2026-2027)\",\"description\":\"\\u00a1Vuelve el Club de Lectura de la Fundaci\\u00f3n Progreso y Cultura para el curso 2026-2027! Tras el descanso estival, nos complace anunciar el regreso de nuestro Club de Lectura, un espacio de encuentro, debate y reflexi\\u00f3n compartida alrededor de los libros. Arrancamos el curso 2026-2027 con renovadas energ\\u00edas y una selecci\\u00f3n de lecturas dise\\u00f1ada para Club de Lectura (curso 2026-2027)\",\"inLanguage\":\"es-ES\",\"isPartOf\":{\"@id\":\"https:\\\/\\\/fundacionprogresoycultura.org\\\/#website\"},\"breadcrumb\":{\"@id\":\"https:\\\/\\\/fundacionprogresoycultura.org\\\/?p=1040#breadcrumblist\"},\"author\":{\"@id\":\"https:\\\/\\\/fundacionprogresoycultura.org\\\/?author=3#author\"},\"creator\":{\"@id\":\"https:\\\/\\\/fundacionprogresoycultura.org\\\/?author=3#author\"},\"image\":{\"@type\":\"ImageObject\",\"url\":\"https:\\\/\\\/i0.wp.com\\\/fundacionprogresoycultura.org\\\/wp-content\\\/uploads\\\/2026\\\/09\\\/Club-de-Lectura.-Web-1200-x-720-px.jpg?fit=1200%2C720&ssl=1\",\"@id\":\"https:\\\/\\\/fundacionprogresoycultura.org\\\/?p=1040\\\/#mainImage\",\"width\":1200,\"height\":720,\"caption\":\"Club de lectura\"},\"primaryImageOfPage\":{\"@id\":\"https:\\\/\\\/fundacionprogresoycultura.org\\\/?p=1040#mainImage\"},\"datePublished\":\"2026-09-03T21:37:58+00:00\",\"dateModified\":\"2026-09-03T21:37:58+00:00\"},{\"@type\":\"WebSite\",\"@id\":\"https:\\\/\\\/fundacionprogresoycultura.org\\\/#website\",\"url\":\"https:\\\/\\\/fundacionprogresoycultura.org\\\/\",\"name\":\"Fundaci\\u00f3n Progreso y Cultura\",\"description\":\"Somos una fundaci\\u00f3n sin \\u00e1nimo de lucro que promueve la cultura y el an\\u00e1lisis progresista.\",\"inLanguage\":\"es-ES\",\"publisher\":{\"@id\":\"https:\\\/\\\/fundacionprogresoycultura.org\\\/#organization\"}}]}\n\t\t<\/script>\n\t\t<!-- All in One SEO -->\n\n","aioseo_head_json":{"title":"Club de Lectura (curso 2026-2027) \u2022 Fundaci\u00f3n Progreso y Cultura Club de Lectura (curso 2026-2027)","description":"\u00a1Vuelve el Club de Lectura de la Fundaci\u00f3n Progreso y Cultura para el curso 2026-2027! Tras el descanso estival, nos complace anunciar el regreso de nuestro Club de Lectura, un espacio de encuentro, debate y reflexi\u00f3n compartida alrededor de los libros. Arrancamos el curso 2026-2027 con renovadas energ\u00edas y una selecci\u00f3n de lecturas dise\u00f1ada para Club de Lectura (curso 2026-2027)","canonical_url":"https:\/\/fundacionprogresoycultura.org\/?p=1040","robots":"max-image-preview:large","keywords":"","webmasterTools":{"miscellaneous":""},"schema":{"@context":"https:\/\/schema.org","@graph":[{"@type":"BlogPosting","@id":"https:\/\/fundacionprogresoycultura.org\/?p=1040#blogposting","name":"Club de Lectura (curso 2026-2027) \u2022 Fundaci\u00f3n Progreso y Cultura Club de Lectura (curso 2026-2027)","headline":"Club de Lectura (curso 2026-2027)","author":{"@id":"https:\/\/fundacionprogresoycultura.org\/?author=3#author"},"publisher":{"@id":"https:\/\/fundacionprogresoycultura.org\/#organization"},"image":{"@type":"ImageObject","url":"https:\/\/i0.wp.com\/fundacionprogresoycultura.org\/wp-content\/uploads\/2026\/09\/Club-de-Lectura.-Web-1200-x-720-px.jpg?fit=1200%2C720&ssl=1","width":1200,"height":720,"caption":"Club de lectura"},"datePublished":"2026-09-03T21:37:58+00:00","dateModified":"2026-09-03T21:37:58+00:00","inLanguage":"es-ES","mainEntityOfPage":{"@id":"https:\/\/fundacionprogresoycultura.org\/?p=1040#webpage"},"isPartOf":{"@id":"https:\/\/fundacionprogresoycultura.org\/?p=1040#webpage"},"articleSection":"Actualidad, Libros, Club de lectura, Fundaci\u00f3n Progreso y Cultura, Lectura, leer, Libro, libros"},{"@type":"BreadcrumbList","@id":"https:\/\/fundacionprogresoycultura.org\/?p=1040#breadcrumblist","itemListElement":[{"@type":"ListItem","@id":"https:\/\/fundacionprogresoycultura.org#listItem","position":1,"name":"Inicio","item":"https:\/\/fundacionprogresoycultura.org","nextItem":{"@type":"ListItem","@id":"https:\/\/fundacionprogresoycultura.org\/?cat=3#listItem","name":"Actualidad"}},{"@type":"ListItem","@id":"https:\/\/fundacionprogresoycultura.org\/?cat=3#listItem","position":2,"name":"Actualidad","item":"https:\/\/fundacionprogresoycultura.org\/?cat=3","nextItem":{"@type":"ListItem","@id":"https:\/\/fundacionprogresoycultura.org\/?p=1040#listItem","name":"Club de Lectura (curso 2026-2027)"},"previousItem":{"@type":"ListItem","@id":"https:\/\/fundacionprogresoycultura.org#listItem","name":"Inicio"}},{"@type":"ListItem","@id":"https:\/\/fundacionprogresoycultura.org\/?p=1040#listItem","position":3,"name":"Club de Lectura (curso 2026-2027)","previousItem":{"@type":"ListItem","@id":"https:\/\/fundacionprogresoycultura.org\/?cat=3#listItem","name":"Actualidad"}}]},{"@type":"Organization","@id":"https:\/\/fundacionprogresoycultura.org\/#organization","name":"Fundaci\u00f3n Progreso y Cultura","description":"Somos una fundaci\u00f3n sin \u00e1nimo de lucro que promueve la cultura y el an\u00e1lisis progresista.","url":"https:\/\/fundacionprogresoycultura.org\/","telephone":"+34629587778","logo":{"@type":"ImageObject","url":"https:\/\/i0.wp.com\/fundacionprogresoycultura.org\/wp-content\/uploads\/2022\/09\/LogoFundacion-PyC-2022.png?fit=651%2C238&ssl=1","@id":"https:\/\/fundacionprogresoycultura.org\/?p=1040\/#organizationLogo","width":651,"height":238},"image":{"@id":"https:\/\/fundacionprogresoycultura.org\/?p=1040\/#organizationLogo"},"sameAs":["https:\/\/twitter.com\/ProgresoyCultu","https:\/\/instagram.com\/fprogresoycultura","https:\/\/www.youtube.com\/@fundacionprogresoycultura"]},{"@type":"Person","@id":"https:\/\/fundacionprogresoycultura.org\/?author=3#author","url":"https:\/\/fundacionprogresoycultura.org\/?author=3","name":"Belen Sandia","image":{"@type":"ImageObject","@id":"https:\/\/fundacionprogresoycultura.org\/?p=1040#authorImage","url":"https:\/\/secure.gravatar.com\/avatar\/010008bb11b6d8ef0f7f865b892b1fa934cc9af53222cef42ee89bf8ab9e0fbd?s=96&d=mm&r=g","width":96,"height":96,"caption":"Belen Sandia"}},{"@type":"WebPage","@id":"https:\/\/fundacionprogresoycultura.org\/?p=1040#webpage","url":"https:\/\/fundacionprogresoycultura.org\/?p=1040","name":"Club de Lectura (curso 2026-2027) \u2022 Fundaci\u00f3n Progreso y Cultura Club de Lectura (curso 2026-2027)","description":"\u00a1Vuelve el Club de Lectura de la Fundaci\u00f3n Progreso y Cultura para el curso 2026-2027! Tras el descanso estival, nos complace anunciar el regreso de nuestro Club de Lectura, un espacio de encuentro, debate y reflexi\u00f3n compartida alrededor de los libros. Arrancamos el curso 2026-2027 con renovadas energ\u00edas y una selecci\u00f3n de lecturas dise\u00f1ada para Club de Lectura (curso 2026-2027)","inLanguage":"es-ES","isPartOf":{"@id":"https:\/\/fundacionprogresoycultura.org\/#website"},"breadcrumb":{"@id":"https:\/\/fundacionprogresoycultura.org\/?p=1040#breadcrumblist"},"author":{"@id":"https:\/\/fundacionprogresoycultura.org\/?author=3#author"},"creator":{"@id":"https:\/\/fundacionprogresoycultura.org\/?author=3#author"},"image":{"@type":"ImageObject","url":"https:\/\/i0.wp.com\/fundacionprogresoycultura.org\/wp-content\/uploads\/2026\/09\/Club-de-Lectura.-Web-1200-x-720-px.jpg?fit=1200%2C720&ssl=1","@id":"https:\/\/fundacionprogresoycultura.org\/?p=1040\/#mainImage","width":1200,"height":720,"caption":"Club de lectura"},"primaryImageOfPage":{"@id":"https:\/\/fundacionprogresoycultura.org\/?p=1040#mainImage"},"datePublished":"2026-09-03T21:37:58+00:00","dateModified":"2026-09-03T21:37:58+00:00"},{"@type":"WebSite","@id":"https:\/\/fundacionprogresoycultura.org\/#website","url":"https:\/\/fundacionprogresoycultura.org\/","name":"Fundaci\u00f3n Progreso y Cultura","description":"Somos una fundaci\u00f3n sin \u00e1nimo de lucro que promueve la cultura y el an\u00e1lisis progresista.","inLanguage":"es-ES","publisher":{"@id":"https:\/\/fundacionprogresoycultura.org\/#organization"}}]},"og:locale":"es_ES","og:site_name":"Fundaci\u00f3n Progreso y Cultura \u2022 Somos una fundaci\u00f3n sin \u00e1nimo de lucro que promueve la cultura y el an\u00e1lisis progresista.","og:type":"article","og:title":"Club de Lectura (curso 2026-2027) \u2022 Fundaci\u00f3n Progreso y Cultura Club de Lectura (curso 2026-2027)","og:description":"\u00a1Vuelve el Club de Lectura de la Fundaci\u00f3n Progreso y Cultura para el curso 2026-2027! Tras el descanso estival, nos complace anunciar el regreso de nuestro Club de Lectura, un espacio de encuentro, debate y reflexi\u00f3n compartida alrededor de los libros. Arrancamos el curso 2026-2027 con renovadas energ\u00edas y una selecci\u00f3n de lecturas dise\u00f1ada para Club de Lectura (curso 2026-2027)","og:url":"https:\/\/fundacionprogresoycultura.org\/?p=1040","og:image":"https:\/\/fundacionprogresoycultura.org\/wp-content\/uploads\/2026\/09\/Club-de-Lectura.-Web-1200-x-720-px.jpg","og:image:secure_url":"https:\/\/fundacionprogresoycultura.org\/wp-content\/uploads\/2026\/09\/Club-de-Lectura.-Web-1200-x-720-px.jpg","og:image:width":1200,"og:image:height":720,"article:published_time":"2026-09-03T21:37:58+00:00","article:modified_time":"2026-09-03T21:37:58+00:00","twitter:card":"summary_large_image","twitter:site":"@ProgresoyCultu","twitter:title":"Club de Lectura (curso 2026-2027) \u2022 Fundaci\u00f3n Progreso y Cultura Club de Lectura (curso 2026-2027)","twitter:description":"\u00a1Vuelve el Club de Lectura de la Fundaci\u00f3n Progreso y Cultura para el curso 2026-2027! Tras el descanso estival, nos complace anunciar el regreso de nuestro Club de Lectura, un espacio de encuentro, debate y reflexi\u00f3n compartida alrededor de los libros. Arrancamos el curso 2026-2027 con renovadas energ\u00edas y una selecci\u00f3n de lecturas dise\u00f1ada para Club de Lectura (curso 2026-2027)","twitter:creator":"@ProgresoyCultu","twitter:image":"https:\/\/fundacionprogresoycultura.org\/wp-content\/uploads\/2022\/07\/logofundacion2.jpg","twitter:label1":"Escrito por","twitter:data1":"Belen Sandia","twitter:label2":"Tiempo de lectura estimado","twitter:data2":"1 minuto"},"aioseo_meta_data":{"post_id":"1040","title":"#post_title #separator_sa #site_title Club de Lectura (curso 2026-2027)","description":"#post_excerpt Club de Lectura (curso 2026-2027)","keywords":null,"keyphrases":{"focus":{"keyphrase":"Club de lectura","score":0,"analysis":[]},"additional":[]},"primary_term":null,"canonical_url":null,"og_title":null,"og_description":null,"og_object_type":"default","og_image_type":"default","og_image_url":null,"og_image_width":null,"og_image_height":null,"og_image_custom_url":null,"og_image_custom_fields":null,"og_video":"","og_custom_url":null,"og_article_section":null,"og_article_tags":null,"twitter_use_og":false,"twitter_card":"default","twitter_image_type":"default","twitter_image_url":null,"twitter_image_custom_url":null,"twitter_image_custom_fields":null,"twitter_title":null,"twitter_description":null,"schema":{"blockGraphs":[],"customGraphs":[],"default":{"data":{"Article":[],"Course":[],"Dataset":[],"FAQPage":[],"Movie":[],"Person":[],"Product":[],"ProductReview":[],"Car":[],"Recipe":[],"Service":[],"SoftwareApplication":[],"WebPage":[]},"graphName":"BlogPosting","isEnabled":true},"graphs":[]},"schema_type":"default","schema_type_options":null,"pillar_content":false,"robots_default":true,"robots_noindex":false,"robots_noarchive":false,"robots_nosnippet":false,"robots_nofollow":false,"robots_noimageindex":false,"robots_noodp":false,"robots_notranslate":false,"robots_max_snippet":"-1","robots_max_videopreview":"-1","robots_max_imagepreview":"large","priority":null,"frequency":"default","local_seo":null,"breadcrumb_settings":null,"limit_modified_date":false,"ai":{"faqs":[],"keyPoints":[],"schemas":[],"titles":[],"descriptions":[],"socialPosts":{"email":{"subject":"","preview":"","content":""},"linkedin":[],"twitter":[],"facebook":[],"instagram":[]}},"created":"2026-09-03 21:37:59","updated":"2026-09-03 21:37:59","seo_analyzer_scan_date":null,"focus_keyword":"Club de lectura","additional_keywords":null,"truseo_locale":null},"aioseo_breadcrumb":"<div class=\"aioseo-breadcrumbs\"><span class=\"aioseo-breadcrumb\">\n\t\t\t<a href=\"https:\/\/fundacionprogresoycultura.org\" title=\"Inicio\">Inicio<\/a>\n\t\t<\/span><span class=\"aioseo-breadcrumb-separator\">&raquo;<\/span><span class=\"aioseo-breadcrumb\">\n\t\t\t<a href=\"https:\/\/fundacionprogresoycultura.org\/?cat=3\" title=\"Actualidad\">Actualidad<\/a>\n\t\t<\/span><span class=\"aioseo-breadcrumb-separator\">&raquo;<\/span><span class=\"aioseo-breadcrumb\">\n\t\t\tClub de Lectura (curso 2026-2027)\n\t\t<\/span><\/div>","aioseo_breadcrumb_json":[{"label":"Inicio","link":"https:\/\/fundacionprogresoycultura.org"},{"label":"Actualidad","link":"https:\/\/fundacionprogresoycultura.org\/?cat=3"},{"label":"Club de Lectura (curso 2026-2027)","link":"https:\/\/fundacionprogresoycultura.org\/?p=1040"}],"jetpack_publicize_connections":[],"jetpack_featured_media_url":"https:\/\/i0.wp.com\/fundacionprogresoycultura.org\/wp-content\/uploads\/2026\/09\/Club-de-Lectura.-Web-1200-x-720-px.jpg?fit=1200%2C720&ssl=1","jetpack_sharing_enabled":true,"jetpack_likes_enabled":true,"jetpack-related-posts":[],"_links":{"self":[{"href":"https:\/\/fundacionprogresoycultura.org\/index.php?rest_route=\/wp\/v2\/posts\/1040","targetHints":{"allow":["GET"]}}],"collection":[{"href":"https:\/\/fundacionprogresoycultura.org\/index.php?rest_route=\/wp\/v2\/posts"}],"about":[{"href":"https:\/\/fundacionprogresoycultura.org\/index.php?rest_route=\/wp\/v2\/types\/post"}],"author":[{"embeddable":true,"href":"https:\/\/fundacionprogresoycultura.org\/index.php?rest_route=\/wp\/v2\/users\/3"}],"replies":[{"embeddable":true,"href":"https:\/\/fundacionprogresoycultura.org\/index.php?rest_route=%2Fwp%2Fv2%2Fcomments&post=1040"}],"version-history":[{"count":1,"href":"https:\/\/fundacionprogresoycultura.org\/index.php?rest_route=\/wp\/v2\/posts\/1040\/revisions"}],"predecessor-version":[{"id":1041,"href":"https:\/\/fundacionprogresoycultura.org\/index.php?rest_route=\/wp\/v2\/posts\/1040\/revisions\/1041"}],"wp:featuredmedia":[{"embeddable":true,"href":"https:\/\/fundacionprogresoycultura.org\/index.php?rest_route=\/wp\/v2\/media\/1039"}],"wp:attachment":[{"href":"https:\/\/fundacionprogresoycultura.org\/index.php?rest_route=%2Fwp%2Fv2%2Fmedia&parent=1040"}],"wp:term":[{"taxonomy":"category","embeddable":true,"href":"https:\/\/fundacionprogresoycultura.org\/index.php?rest_route=%2Fwp%2Fv2%2Fcategories&post=1040"},{"taxonomy":"post_tag","embeddable":true,"href":"https:\/\/fundacionprogresoycultura.org\/index.php?rest_route=%2Fwp%2Fv2%2Ftags&post=1040"}],"curies":[{"name":"wp","href":"https:\/\/api.w.org\/{rel}","templated":true}]}}